{"id":5198,"date":"2023-10-18T08:00:51","date_gmt":"2023-10-18T06:00:51","guid":{"rendered":"https:\/\/www.weisenheimer.law\/?p=5198"},"modified":"2023-11-01T16:41:46","modified_gmt":"2023-11-01T15:41:46","slug":"recht-praktisch-winterreifen-sind-pflicht","status":"publish","type":"post","link":"https:\/\/www.weisenheimer.law\/en\/recht-praktisch-winterreifen-sind-pflicht\/","title":{"rendered":"Recht praktisch: Winterreifen sind Pflicht"},"content":{"rendered":"<section class=\"wpb-content-wrapper\"><p>[vc_row][vc_column][vc_column_text]Die Tage werden k\u00fcrzer, die ersten Bl\u00e4tter verf\u00e4rben sich, und der 1. November r\u00fcckt immer n\u00e4her -Zeit, die neue Winterreifensaison einzul\u00e4uten! Im Fokus der k\u00fchleren Jahreszeit steht die Sicherheit auf \u00d6sterreichs Stra\u00dfen. Doch was ist zu beachten, wenn wir unsere Winterreifen aus der Sommerpause holen?<\/p>\n<p>Die im Kraftfahrzeuggesetz festgelegte Winterreifenpflicht gilt von 1. November bis 15. April. Mopedautos, Pkw und Lkw unter 3,5 Tonnen sind verpflichtet, bei Schnee, Matsch oder Eis mit entsprechenden Winterreifen ausgestattet zu sein. Dar\u00fcber hinaus sind bei ununterbrochener Schnee-und Eisfahrbahn Schneeketten an mindestens zwei Antriebsr\u00e4dern anzubringen. Der Gesetzgeber sieht hier keine allgemeine Pflicht vor, entscheidend sind die Fahrbahnverh\u00e4ltnisse. Anders bei Omnibussen und Lkw \u00fcber 3,5 Tonnen, diese m\u00fcssen w\u00e4hrend des gesamten Zeitraums, unabh\u00e4ngig von der Wetterlage, Winterreifen an zumindest einer Antriebsachse montiert haben. Zus\u00e4tzlich ist mindestens ein Paar Schneeketten mitzuf\u00fchren. Ausgenommen von der Pflicht sind Mopeds, Mofas, Motorr\u00e4der und Anh\u00e4nger.<\/p>\n<p>Auch an die Winterreifen selbst werden bestimmte Anforderungen gestellt. F\u00fcr Pkw und Lkw unter 3,5 Tonnen ist eine Mindestprofiltiefe von 4 Millimetern bei Radialreifen und 5 Millimetern bei Diagonalreifen vorgesehen. Hingegen sind f\u00fcr Lkw \u00fcber 3,5 Tonnen 5 Millimeter bei Radialreifen und 6 Millimeter bei Diagonalreifen festgelegt. Des Weiteren m\u00fcssen Winterreifen mit speziellen Symbolen gekennzeichnet sein. Dies kann entweder ein Matsch und Schnee-Symbol, kurz M+S, oder eine Schneeflocke sein. Ganzjahresreifen sind daher nur wintertauglich, wenn sie \u00fcber ein derartiges Symbol verf\u00fcgen.<\/p>\n<p>Wird ein Fahrzeug im Rahmen einer Verkehrskontrolle bei winterlichen Stra\u00dfenbedingungen ohne die erforderliche Ausr\u00fcstung angetroffen, kann dies zu empfindlichen Geldstrafen von bis zu 5000 Euro, oder im Falle einer Gef\u00e4hrdung der Verkehrssicherheit auch zur Untersagung der Weiterfahrt f\u00fchren.<\/p>\n<p>Zur Ausgabe der KFZWirtschaft geht es <a href=\"https:\/\/epaper.wirtschaftsverlag.at\/issue.act?issueId=176445&amp;issueDate=20231018&amp;issueMutation=KFZWIRTS\">hier<\/a>.[\/vc_column_text][\/vc_column][\/vc_row]<\/p>\n<\/section>","protected":false},"excerpt":{"rendered":"<p>[vc_row][vc_column][vc_column_text]Die Tage werden k\u00fcrzer, die ersten Bl\u00e4tter verf\u00e4rben sich, und der 1. November r\u00fcckt immer n\u00e4her -Zeit, die neue Winterreifensaison einzul\u00e4uten!&#8230;<\/p>\n","protected":false},"author":6,"featured_media":2948,"comment_status":"closed","ping_status":"closed","sticky":false,"template":"","format":"standard","meta":[],"categories":[420],"tags":[928,259,260,929,930],"yoast_head":"<!-- This site is optimized with the Yoast SEO plugin v19.0 - https:\/\/yoast.com\/wordpress\/plugins\/seo\/ -->\n<title>Recht praktisch: Winterreifen sind Pflicht<\/title>\n<meta name=\"description\" content=\"Der 1. November steht vor der T\u00fcr, Zeit die Winterreifensaison einzul\u00e4uten. Doch was h\u00e4lt der Gesetzgeber bereit und worauf muss man achten?\" \/>\n<meta name=\"robots\" content=\"index, follow, max-snippet:-1, max-image-preview:large, max-video-preview:-1\" \/>\n<link rel=\"canonical\" href=\"https:\/\/www.weisenheimer.law\/en\/recht-praktisch-winterreifen-sind-pflicht\/\" \/>\n<meta property=\"og:locale\" content=\"en_US\" \/>\n<meta property=\"og:type\" content=\"article\" \/>\n<meta property=\"og:title\" content=\"Recht praktisch: Winterreifen sind Pflicht\" \/>\n<meta property=\"og:description\" content=\"Der 1. November steht vor der T\u00fcr, Zeit die Winterreifensaison einzul\u00e4uten. Doch was h\u00e4lt der Gesetzgeber bereit und worauf muss man achten?\" \/>\n<meta property=\"og:url\" content=\"https:\/\/www.weisenheimer.law\/en\/recht-praktisch-winterreifen-sind-pflicht\/\" \/>\n<meta property=\"og:site_name\" content=\"Weisenheimer\" \/>\n<meta property=\"article:published_time\" content=\"2023-10-18T06:00:51+00:00\" \/>\n<meta property=\"article:modified_time\" content=\"2023-11-01T15:41:46+00:00\" \/>\n<meta property=\"og:image\" content=\"https:\/\/www.weisenheimer.law\/wp-content\/uploads\/2023\/10\/FMTG.jpg\" \/>\n\t<meta property=\"og:image:width\" content=\"1200\" \/>\n\t<meta property=\"og:image:height\" content=\"627\" \/>\n\t<meta property=\"og:image:type\" content=\"image\/jpeg\" \/>\n<meta name=\"twitter:card\" content=\"summary\" \/>\n<meta name=\"twitter:image\" content=\"https:\/\/www.weisenheimer.law\/wp-content\/uploads\/2023\/10\/FMTG.jpg\" \/>\n<meta name=\"twitter:label1\" content=\"Written by\" \/>\n\t<meta name=\"twitter:data1\" content=\"Weisenheimer\" \/>\n\t<meta name=\"twitter:label2\" content=\"Est. reading time\" \/>\n\t<meta name=\"twitter:data2\" content=\"2 minutes\" \/>\n<script type=\"application\/ld+json\" class=\"yoast-schema-graph\">{\"@context\":\"https:\/\/schema.org\",\"@graph\":[{\"@type\":\"WebSite\",\"@id\":\"https:\/\/www.weisenheimer.law\/#website\",\"url\":\"https:\/\/www.weisenheimer.law\/\",\"name\":\"Weisenheimer\",\"description\":\"Legal\",\"potentialAction\":[{\"@type\":\"SearchAction\",\"target\":{\"@type\":\"EntryPoint\",\"urlTemplate\":\"https:\/\/www.weisenheimer.law\/?s={search_term_string}\"},\"query-input\":\"required name=search_term_string\"}],\"inLanguage\":\"en-US\"},{\"@type\":\"ImageObject\",\"inLanguage\":\"en-US\",\"@id\":\"https:\/\/www.weisenheimer.law\/en\/recht-praktisch-winterreifen-sind-pflicht\/#primaryimage\",\"url\":\"https:\/\/www.weisenheimer.law\/wp-content\/uploads\/2023\/10\/FMTG.jpg\",\"contentUrl\":\"https:\/\/www.weisenheimer.law\/wp-content\/uploads\/2023\/10\/FMTG.jpg\",\"width\":1200,\"height\":627,\"caption\":\"Bild zu einem Beitrag \u00fcber Crowdfunding-Kampagne f\u00fcr KMU\"},{\"@type\":\"WebPage\",\"@id\":\"https:\/\/www.weisenheimer.law\/en\/recht-praktisch-winterreifen-sind-pflicht\/#webpage\",\"url\":\"https:\/\/www.weisenheimer.law\/en\/recht-praktisch-winterreifen-sind-pflicht\/\",\"name\":\"Recht praktisch: Winterreifen sind Pflicht\",\"isPartOf\":{\"@id\":\"https:\/\/www.weisenheimer.law\/#website\"},\"primaryImageOfPage\":{\"@id\":\"https:\/\/www.weisenheimer.law\/en\/recht-praktisch-winterreifen-sind-pflicht\/#primaryimage\"},\"datePublished\":\"2023-10-18T06:00:51+00:00\",\"dateModified\":\"2023-11-01T15:41:46+00:00\",\"author\":{\"@id\":\"https:\/\/www.weisenheimer.law\/#\/schema\/person\/eea97adeb8f022ffe8b72d54286d1c36\"},\"description\":\"Der 1. November steht vor der T\u00fcr, Zeit die Winterreifensaison einzul\u00e4uten. Doch was h\u00e4lt der Gesetzgeber bereit und worauf muss man achten?\",\"breadcrumb\":{\"@id\":\"https:\/\/www.weisenheimer.law\/en\/recht-praktisch-winterreifen-sind-pflicht\/#breadcrumb\"},\"inLanguage\":\"en-US\",\"potentialAction\":[{\"@type\":\"ReadAction\",\"target\":[\"https:\/\/www.weisenheimer.law\/en\/recht-praktisch-winterreifen-sind-pflicht\/\"]}]},{\"@type\":\"BreadcrumbList\",\"@id\":\"https:\/\/www.weisenheimer.law\/en\/recht-praktisch-winterreifen-sind-pflicht\/#breadcrumb\",\"itemListElement\":[{\"@type\":\"ListItem\",\"position\":1,\"name\":\"Startseite\",\"item\":\"https:\/\/www.weisenheimer.law\/en\/\"},{\"@type\":\"ListItem\",\"position\":2,\"name\":\"Recht praktisch: Winterreifen sind Pflicht\"}]},{\"@type\":\"Person\",\"@id\":\"https:\/\/www.weisenheimer.law\/#\/schema\/person\/eea97adeb8f022ffe8b72d54286d1c36\",\"name\":\"Weisenheimer\"}]}<\/script>\n<!-- \/ Yoast SEO plugin. -->","yoast_head_json":{"title":"Recht praktisch: Winterreifen sind Pflicht","description":"Der 1. November steht vor der T\u00fcr, Zeit die Winterreifensaison einzul\u00e4uten. Doch was h\u00e4lt der Gesetzgeber bereit und worauf muss man achten?","robots":{"index":"index","follow":"follow","max-snippet":"max-snippet:-1","max-image-preview":"max-image-preview:large","max-video-preview":"max-video-preview:-1"},"canonical":"https:\/\/www.weisenheimer.law\/en\/recht-praktisch-winterreifen-sind-pflicht\/","og_locale":"en_US","og_type":"article","og_title":"Recht praktisch: Winterreifen sind Pflicht","og_description":"Der 1. November steht vor der T\u00fcr, Zeit die Winterreifensaison einzul\u00e4uten. Doch was h\u00e4lt der Gesetzgeber bereit und worauf muss man achten?","og_url":"https:\/\/www.weisenheimer.law\/en\/recht-praktisch-winterreifen-sind-pflicht\/","og_site_name":"Weisenheimer","article_published_time":"2023-10-18T06:00:51+00:00","article_modified_time":"2023-11-01T15:41:46+00:00","og_image":[{"width":1200,"height":627,"url":"https:\/\/www.weisenheimer.law\/wp-content\/uploads\/2023\/10\/FMTG.jpg","type":"image\/jpeg"}],"twitter_card":"summary","twitter_image":"https:\/\/www.weisenheimer.law\/wp-content\/uploads\/2023\/10\/FMTG.jpg","twitter_misc":{"Written by":"Weisenheimer","Est. reading time":"2 minutes"},"schema":{"@context":"https:\/\/schema.org","@graph":[{"@type":"WebSite","@id":"https:\/\/www.weisenheimer.law\/#website","url":"https:\/\/www.weisenheimer.law\/","name":"Weisenheimer","description":"Legal","potentialAction":[{"@type":"SearchAction","target":{"@type":"EntryPoint","urlTemplate":"https:\/\/www.weisenheimer.law\/?s={search_term_string}"},"query-input":"required name=search_term_string"}],"inLanguage":"en-US"},{"@type":"ImageObject","inLanguage":"en-US","@id":"https:\/\/www.weisenheimer.law\/en\/recht-praktisch-winterreifen-sind-pflicht\/#primaryimage","url":"https:\/\/www.weisenheimer.law\/wp-content\/uploads\/2023\/10\/FMTG.jpg","contentUrl":"https:\/\/www.weisenheimer.law\/wp-content\/uploads\/2023\/10\/FMTG.jpg","width":1200,"height":627,"caption":"Bild zu einem Beitrag \u00fcber Crowdfunding-Kampagne f\u00fcr KMU"},{"@type":"WebPage","@id":"https:\/\/www.weisenheimer.law\/en\/recht-praktisch-winterreifen-sind-pflicht\/#webpage","url":"https:\/\/www.weisenheimer.law\/en\/recht-praktisch-winterreifen-sind-pflicht\/","name":"Recht praktisch: Winterreifen sind Pflicht","isPartOf":{"@id":"https:\/\/www.weisenheimer.law\/#website"},"primaryImageOfPage":{"@id":"https:\/\/www.weisenheimer.law\/en\/recht-praktisch-winterreifen-sind-pflicht\/#primaryimage"},"datePublished":"2023-10-18T06:00:51+00:00","dateModified":"2023-11-01T15:41:46+00:00","author":{"@id":"https:\/\/www.weisenheimer.law\/#\/schema\/person\/eea97adeb8f022ffe8b72d54286d1c36"},"description":"Der 1. November steht vor der T\u00fcr, Zeit die Winterreifensaison einzul\u00e4uten. Doch was h\u00e4lt der Gesetzgeber bereit und worauf muss man achten?","breadcrumb":{"@id":"https:\/\/www.weisenheimer.law\/en\/recht-praktisch-winterreifen-sind-pflicht\/#breadcrumb"},"inLanguage":"en-US","potentialAction":[{"@type":"ReadAction","target":["https:\/\/www.weisenheimer.law\/en\/recht-praktisch-winterreifen-sind-pflicht\/"]}]},{"@type":"BreadcrumbList","@id":"https:\/\/www.weisenheimer.law\/en\/recht-praktisch-winterreifen-sind-pflicht\/#breadcrumb","itemListElement":[{"@type":"ListItem","position":1,"name":"Startseite","item":"https:\/\/www.weisenheimer.law\/en\/"},{"@type":"ListItem","position":2,"name":"Recht praktisch: Winterreifen sind Pflicht"}]},{"@type":"Person","@id":"https:\/\/www.weisenheimer.law\/#\/schema\/person\/eea97adeb8f022ffe8b72d54286d1c36","name":"Weisenheimer"}]}},"_links":{"self":[{"href":"https:\/\/www.weisenheimer.law\/en\/wp-json\/wp\/v2\/posts\/5198"}],"collection":[{"href":"https:\/\/www.weisenheimer.law\/en\/wp-json\/wp\/v2\/posts"}],"about":[{"href":"https:\/\/www.weisenheimer.law\/en\/wp-json\/wp\/v2\/types\/post"}],"author":[{"embeddable":true,"href":"https:\/\/www.weisenheimer.law\/en\/wp-json\/wp\/v2\/users\/6"}],"replies":[{"embeddable":true,"href":"https:\/\/www.weisenheimer.law\/en\/wp-json\/wp\/v2\/comments?post=5198"}],"version-history":[{"count":2,"href":"https:\/\/www.weisenheimer.law\/en\/wp-json\/wp\/v2\/posts\/5198\/revisions"}],"predecessor-version":[{"id":5235,"href":"https:\/\/www.weisenheimer.law\/en\/wp-json\/wp\/v2\/posts\/5198\/revisions\/5235"}],"wp:featuredmedia":[{"embeddable":true,"href":"https:\/\/www.weisenheimer.law\/en\/wp-json\/wp\/v2\/media\/2948"}],"wp:attachment":[{"href":"https:\/\/www.weisenheimer.law\/en\/wp-json\/wp\/v2\/media?parent=5198"}],"wp:term":[{"taxonomy":"category","embeddable":true,"href":"https:\/\/www.weisenheimer.law\/en\/wp-json\/wp\/v2\/categories?post=5198"},{"taxonomy":"post_tag","embeddable":true,"href":"https:\/\/www.weisenheimer.law\/en\/wp-json\/wp\/v2\/tags?post=5198"}],"curies":[{"name":"wp","href":"https:\/\/api.w.org\/{rel}","templated":true}]}}